                                                                                                                                                                                                                                                                                                                                                                                                                                                                   {"id":3439,"date":"2019-05-13T12:33:52","date_gmt":"2019-05-13T12:33:52","guid":{"rendered":"http:\/\/www.zsz-cech-bielawa.pl\/zszcrrimp\/?p=3439"},"modified":"2019-05-14T12:34:16","modified_gmt":"2019-05-14T12:34:16","slug":"pomagamy-ziemi-sadzimy-drzewa","status":"publish","type":"post","link":"https:\/\/www.zsz-cech-bielawa.pl\/zszcrrimp\/uncategorized\/pomagamy-ziemi-sadzimy-drzewa\/","title":{"rendered":"Pomagamy ziemi-sadzimy drzewa"},"content":{"rendered":"<p>13 maja 2019 roku uczniowie II klasy w ramach inicjatywy samorz\u0105dowej \u201eSadzimy drzewa \u2013 pomagamy Ziemi\u201d, wzi\u0119li udzia\u0142 w bardzo ciekawych spotkaniach, dotycz\u0105cych dzia\u0142a\u0144 proekologicznych w naszym regionie. Podczas spotkania maj\u0105cego miejsce w najstarszych g\u00f3rach Europy czyli G\u00f3rach Sowich m\u0142odzie\u017c mog\u0142a zobaczy\u0107 na \u017cywo to, czego wcze\u015bniej uczy\u0142a si\u0119 na lekcjach, wykona\u0107 interesuj\u0105ce do\u015bwiadczenia oraz zaobserwowa\u0107 wiele zjawisk przyrodniczych. Tutaj w Sudetach mo\u017cna spotka\u0107 wiele zwierz\u0105t podczas le\u015bnych spacer\u00f3w tj. muflony, daniele czy dziki.<\/p>\n<p>W poniedzia\u0142ek 13 maja byli\u015bmy go\u015b\u0107mi le\u015bniczego z Bielawy \u2013 Pana Jaros\u0142awa D\u0105browskiego oraz Pani Moniki Drozdowskiej reprezentuj\u0105cej Nadle\u015bnictwo w \u015awidnicy, kt\u00f3rzy przedstawili nam sytuacj\u0119 drzew w \u00a0regionie oraz opowiedzieli o wszelkich zagro\u017ceniach b\u0119d\u0105cych w ostatnich latach \u00a0prawdziw\u0105 zmor\u0105 le\u015bnik\u00f3w.<\/p>\n<p>Spotkanie zwie\u0144czone zosta\u0142o symbolicznym posadzeniem drzewa, a kolejna sadzonka otrzymana od Nadle\u015bnictwa \u015awidnicy znajdzie swoje miejsce na terenie naszej szko\u0142y.<\/p>\n<p>Jak wa\u017cna jest flora i fauna nikogo o tym nie trzeba przekonywa\u0107. Jednak\u017ce edukacja w tym zakresie w\u015br\u00f3d m\u0142odych ludzi jest bardzo potrzebna by \u015bwiadomie zrezygnowa\u0107 z wielu niszcz\u0105cych \u015brodowisko przyzwyczaje\u0144.<\/p>\n","protected":false},"excerpt":{"rendered":"<p>13 maja 2019 roku uczniowie II klasy w ramach inicjatywy samorz\u0105dowej \u201eSadzimy drzewa \u2013 pomagamy Ziemi\u201d, wzi\u0119li udzia\u0142 w bardzo ciekawych spotkaniach, dotycz\u0105cych dzia\u0142a\u0144 proekologicznych w naszym regionie. Podczas spotkania maj\u0105cego miejsce w najstarszych g\u00f3rach Europy czyli G\u00f3rach Sowich m\u0142odzie\u017c mog\u0142a zobaczy\u0107 na \u017cywo to, czego wcze\u015bniej uczy\u0142a si\u0119 na lekcjach, wykona\u0107 interesuj\u0105ce do\u015bwiadczenia oraz [&hellip;]<\/p>\n","protected":false},"author":1,"featured_media":0,"comment_status":"closed","ping_status":"closed","sticky":false,"template":"","format":"standard","meta":[],"categories":[1],"tags":[],"_links":{"self":[{"href":"https:\/\/www.zsz-cech-bielawa.pl\/zszcrrimp\/wp-json\/wp\/v2\/posts\/3439"}],"collection":[{"href":"https:\/\/www.zsz-cech-bielawa.pl\/zszcrrimp\/wp-json\/wp\/v2\/posts"}],"about":[{"href":"https:\/\/www.zsz-cech-bielawa.pl\/zszcrrimp\/wp-json\/wp\/v2\/types\/post"}],"author":[{"embeddable":true,"href":"https:\/\/www.zsz-cech-bielawa.pl\/zszcrrimp\/wp-json\/wp\/v2\/users\/1"}],"replies":[{"embeddable":true,"href":"https:\/\/www.zsz-cech-bielawa.pl\/zszcrrimp\/wp-json\/wp\/v2\/comments?post=3439"}],"version-history":[{"count":1,"href":"https:\/\/www.zsz-cech-bielawa.pl\/zszcrrimp\/wp-json\/wp\/v2\/posts\/3439\/revisions"}],"predecessor-version":[{"id":3440,"href":"https:\/\/www.zsz-cech-bielawa.pl\/zszcrrimp\/wp-json\/wp\/v2\/posts\/3439\/revisions\/3440"}],"wp:attachment":[{"href":"https:\/\/www.zsz-cech-bielawa.pl\/zszcrrimp\/wp-json\/wp\/v2\/media?parent=3439"}],"wp:term":[{"taxonomy":"category","embeddable":true,"href":"https:\/\/www.zsz-cech-bielawa.pl\/zszcrrimp\/wp-json\/wp\/v2\/categories?post=3439"},{"taxonomy":"post_tag","embeddable":true,"href":"https:\/\/www.zsz-cech-bielawa.pl\/zszcrrimp\/wp-json\/wp\/v2\/tags?post=3439"}],"curies":[{"name":"wp","href":"https:\/\/api.w.org\/{rel}","templated":true}]}}