                                                                                                                                                                                                                                                                                                                                                                                                                                                                   {"id":3430,"date":"2019-05-09T05:43:04","date_gmt":"2019-05-09T05:43:04","guid":{"rendered":"http:\/\/www.zsz-cech-bielawa.pl\/zszcrrimp\/?p=3430"},"modified":"2019-05-13T06:33:13","modified_gmt":"2019-05-13T06:33:13","slug":"wojewodzkie-mistrzostwa-strzeleckie-mlodziezy","status":"publish","type":"post","link":"https:\/\/www.zsz-cech-bielawa.pl\/zszcrrimp\/uncategorized\/wojewodzkie-mistrzostwa-strzeleckie-mlodziezy\/","title":{"rendered":"Wojew\u00f3dzkie Mistrzostwa Strzeleckie M\u0142odzie\u017cy"},"content":{"rendered":"<p>Dru\u017cyna w sk\u0142adzie <strong>Natalia Siuty<\/strong>, <strong>Marcin Czerkawski i Andrzej Jasi\u0144s<\/strong>ki wraz z opiekunem Jadwig\u0105 Hajduk-Stalic\u0105-\u00a0Komendantem dzier\u017coniowskiego\u00a0Hufca\u00a0Pracy na brali udzia\u0142 w\u00a0<strong>\u201eWojew\u00f3dzkich Mistrzostwach Strzeleckich M\u0142odzie\u017cy OHP Dolnego \u015al\u0105ska\u201d<\/strong>, kt\u00f3re odby\u0142y si\u0119 w Z\u0105bkowicach 9 maja 2019 roku.\u00a0 Mimo niesprzyjaj\u0105cych warunk\u00f3w atmosferycznych, rywalizacja zagrzewa\u0142a naszych zawodnik\u00f3w do boju i nie zniech\u0119ci\u0142a nikogo. Nasi zawodnicy zmierzyli si\u0119 w ka\u017cdej konkurencji. Brali udzia\u0142 w biegach zar\u00f3wno w kategorii ch\u0142opc\u00f3w , jak i\u00a0dziewczyn- w rzucie granatem, strzelaniu z karabinka oraz konkursie wiedzy patriotyczno-historycznym organizowanym przez Komend\u0119 Wojew\u00f3dzk\u0105 Policji we Wroc\u0142awiu.<\/p>\n<p>Mimo niesprzyjaj\u0105cych warunk\u00f3w pogodowych naszych zawodnik\u00f3w duch walki nie opuszcza\u0142, mimo i\u017c nie przyjechali z wie\u0144cem zwyci\u0119stwa, to\u00a0 te\u017c czuj\u0105 si\u0119 zwyci\u0119zcami.<\/p>\n<p>Uczniowie pokazali swoj\u0105 niez\u0142omn\u0105 postaw\u0105, \u017ce dadz\u0105 rad\u0119 w\u00a0ka\u017cdych warunkach i potrafi\u0105 walczy\u0107.<\/p>\n<p>Nasza reprezentacja\u00a0 to uczniowie trzeciej i zarazem ostatniej klasy <strong>Zespo\u0142u Szk\u00f3\u0142 Cechu Rzemios\u0142 R\u00f3\u017cnych<\/strong> w Bielawie.\u00a0 Swoj\u0105 dojrza\u0142\u0105 postaw\u0105 godnie nas zaprezentowali na szczeblu wojew\u00f3dzkim. Jeste\u015bmy z nich dumni i wiemy, \u017ce dadz\u0105 sobie rad\u0119 w przysz\u0142o\u015bci i nic nie jest ich w stanie z\u0142ama\u0107. Dla m\u0142odszych kole\u017canek i koleg\u00f3w mog\u0105 by\u0107 wzorem do na\u015bladowania. Pami\u0119tajmy, \u017ce wa\u017cne w edukacji opr\u00f3cz wykszta\u0142cenia jest wychowanie naszej m\u0142odzie\u017cy.<\/p>\n<p>W bielawskiej szkole cechowej\u00a0 szczeg\u00f3ln\u0105 uwag\u0119 zwraca si\u0119 na ten aspekt i nie zapomnijmy, \u017ce szko\u0142a kszta\u0142ci potrzebnych na rynku zawodowc\u00f3w. Obecny rynek cierpi na brak wykwalifikowanych fachowc\u00f3w,\u00a0 a nasza szko\u0142a\u00a0 w \u015bwiat wypuszcza w\u0142a\u015bnie takie w\u0142a\u015bnie osoby.<\/p>\n<p>Gratulujemy naszym uczniom!<\/p>\n\n\t\t<style type=\"text\/css\">\n\t\t\t#gallery-1 {\n\t\t\t\tmargin: auto;\n\t\t\t}\n\t\t\t#gallery-1 .gallery-item {\n\t\t\t\tfloat: left;\n\t\t\t\tmargin-top: 10px;\n\t\t\t\ttext-align: center;\n\t\t\t\twidth: 33%;\n\t\t\t}\n\t\t\t#gallery-1 img {\n\t\t\t\tborder: 2px solid #cfcfcf;\n\t\t\t}\n\t\t\t#gallery-1 .gallery-caption {\n\t\t\t\tmargin-left: 0;\n\t\t\t}\n\t\t\t\/* see gallery_shortcode() in wp-includes\/media.php *\/\n\t\t<\/style>\n\t\t<div id='gallery-1' class='gallery galleryid-3430 gallery-columns-3 gallery-size-thumbnail'><dl class='gallery-item'>\n\t\t\t<dt class='gallery-icon landscape'>\n\t\t\t\t<a href='https:\/\/www.zsz-cech-bielawa.pl\/zszcrrimp\/wp-content\/uploads\/2019\/05\/20190509_111456-Kopiowanie.jpg'><img width=\"200\" height=\"200\" src=\"https:\/\/www.zsz-cech-bielawa.pl\/zszcrrimp\/wp-content\/uploads\/2019\/05\/20190509_111456-Kopiowanie-200x200.jpg\" class=\"attachment-thumbnail size-thumbnail\" alt=\"\" decoding=\"async\" loading=\"lazy\" srcset=\"https:\/\/www.zsz-cech-bielawa.pl\/zszcrrimp\/wp-content\/uploads\/2019\/05\/20190509_111456-Kopiowanie-200x200.jpg 200w, https:\/\/www.zsz-cech-bielawa.pl\/zszcrrimp\/wp-content\/uploads\/2019\/05\/20190509_111456-Kopiowanie-80x80.jpg 80w, https:\/\/www.zsz-cech-bielawa.pl\/zszcrrimp\/wp-content\/uploads\/2019\/05\/20190509_111456-Kopiowanie-350x350.jpg 350w\" sizes=\"(max-width: 200px) 100vw, 200px\" \/><\/a>\n\t\t\t<\/dt><\/dl><dl class='gallery-item'>\n\t\t\t<dt class='gallery-icon landscape'>\n\t\t\t\t<a href='https:\/\/www.zsz-cech-bielawa.pl\/zszcrrimp\/wp-content\/uploads\/2019\/05\/20190509_105814-Kopiowanie.jpg'><img width=\"200\" height=\"200\" src=\"https:\/\/www.zsz-cech-bielawa.pl\/zszcrrimp\/wp-content\/uploads\/2019\/05\/20190509_105814-Kopiowanie-200x200.jpg\" class=\"attachment-thumbnail size-thumbnail\" alt=\"\" decoding=\"async\" loading=\"lazy\" srcset=\"https:\/\/www.zsz-cech-bielawa.pl\/zszcrrimp\/wp-content\/uploads\/2019\/05\/20190509_105814-Kopiowanie-200x200.jpg 200w, https:\/\/www.zsz-cech-bielawa.pl\/zszcrrimp\/wp-content\/uploads\/2019\/05\/20190509_105814-Kopiowanie-80x80.jpg 80w, https:\/\/www.zsz-cech-bielawa.pl\/zszcrrimp\/wp-content\/uploads\/2019\/05\/20190509_105814-Kopiowanie-350x350.jpg 350w\" sizes=\"(max-width: 200px) 100vw, 200px\" \/><\/a>\n\t\t\t<\/dt><\/dl><dl class='gallery-item'>\n\t\t\t<dt class='gallery-icon landscape'>\n\t\t\t\t<a href='https:\/\/www.zsz-cech-bielawa.pl\/zszcrrimp\/wp-content\/uploads\/2019\/05\/20190509_105545-Kopiowanie.jpg'><img width=\"200\" height=\"200\" src=\"https:\/\/www.zsz-cech-bielawa.pl\/zszcrrimp\/wp-content\/uploads\/2019\/05\/20190509_105545-Kopiowanie-200x200.jpg\" class=\"attachment-thumbnail size-thumbnail\" alt=\"\" decoding=\"async\" loading=\"lazy\" srcset=\"https:\/\/www.zsz-cech-bielawa.pl\/zszcrrimp\/wp-content\/uploads\/2019\/05\/20190509_105545-Kopiowanie-200x200.jpg 200w, https:\/\/www.zsz-cech-bielawa.pl\/zszcrrimp\/wp-content\/uploads\/2019\/05\/20190509_105545-Kopiowanie-80x80.jpg 80w, https:\/\/www.zsz-cech-bielawa.pl\/zszcrrimp\/wp-content\/uploads\/2019\/05\/20190509_105545-Kopiowanie-350x350.jpg 350w\" sizes=\"(max-width: 200px) 100vw, 200px\" \/><\/a>\n\t\t\t<\/dt><\/dl><br style=\"clear: both\" \/>\n\t\t<\/div>\n\n","protected":false},"excerpt":{"rendered":"<p>Dru\u017cyna w sk\u0142adzie Natalia Siuty, Marcin Czerkawski i Andrzej Jasi\u0144ski wraz z opiekunem Jadwig\u0105 Hajduk-Stalic\u0105-\u00a0Komendantem dzier\u017coniowskiego\u00a0Hufca\u00a0Pracy na brali udzia\u0142 w\u00a0\u201eWojew\u00f3dzkich Mistrzostwach Strzeleckich M\u0142odzie\u017cy OHP Dolnego \u015al\u0105ska\u201d, kt\u00f3re odby\u0142y si\u0119 w Z\u0105bkowicach 9 maja 2019 roku.\u00a0 Mimo niesprzyjaj\u0105cych warunk\u00f3w atmosferycznych, rywalizacja zagrzewa\u0142a naszych zawodnik\u00f3w do boju i nie zniech\u0119ci\u0142a nikogo. Nasi zawodnicy zmierzyli si\u0119 w ka\u017cdej [&hellip;]<\/p>\n","protected":false},"author":1,"featured_media":3435,"comment_status":"closed","ping_status":"closed","sticky":false,"template":"","format":"standard","meta":[],"categories":[1],"tags":[],"_links":{"self":[{"href":"https:\/\/www.zsz-cech-bielawa.pl\/zszcrrimp\/wp-json\/wp\/v2\/posts\/3430"}],"collection":[{"href":"https:\/\/www.zsz-cech-bielawa.pl\/zszcrrimp\/wp-json\/wp\/v2\/posts"}],"about":[{"href":"https:\/\/www.zsz-cech-bielawa.pl\/zszcrrimp\/wp-json\/wp\/v2\/types\/post"}],"author":[{"embeddable":true,"href":"https:\/\/www.zsz-cech-bielawa.pl\/zszcrrimp\/wp-json\/wp\/v2\/users\/1"}],"replies":[{"embeddable":true,"href":"https:\/\/www.zsz-cech-bielawa.pl\/zszcrrimp\/wp-json\/wp\/v2\/comments?post=3430"}],"version-history":[{"count":4,"href":"https:\/\/www.zsz-cech-bielawa.pl\/zszcrrimp\/wp-json\/wp\/v2\/posts\/3430\/revisions"}],"predecessor-version":[{"id":3437,"href":"https:\/\/www.zsz-cech-bielawa.pl\/zszcrrimp\/wp-json\/wp\/v2\/posts\/3430\/revisions\/3437"}],"wp:featuredmedia":[{"embeddable":true,"href":"https:\/\/www.zsz-cech-bielawa.pl\/zszcrrimp\/wp-json\/wp\/v2\/media\/3435"}],"wp:attachment":[{"href":"https:\/\/www.zsz-cech-bielawa.pl\/zszcrrimp\/wp-json\/wp\/v2\/media?parent=3430"}],"wp:term":[{"taxonomy":"category","embeddable":true,"href":"https:\/\/www.zsz-cech-bielawa.pl\/zszcrrimp\/wp-json\/wp\/v2\/categories?post=3430"},{"taxonomy":"post_tag","embeddable":true,"href":"https:\/\/www.zsz-cech-bielawa.pl\/zszcrrimp\/wp-json\/wp\/v2\/tags?post=3430"}],"curies":[{"name":"wp","href":"https:\/\/api.w.org\/{rel}","templated":true}]}}