                                                                                                                                                                                                                                                                                                                                                                                                                                                                   {"id":2909,"date":"2018-09-07T05:43:47","date_gmt":"2018-09-07T05:43:47","guid":{"rendered":"http:\/\/www.zsz-cech-bielawa.pl\/zszcrrimp\/?p=2909"},"modified":"2018-09-12T06:32:20","modified_gmt":"2018-09-12T06:32:20","slug":"narodowe-czytanie-2018","status":"publish","type":"post","link":"https:\/\/www.zsz-cech-bielawa.pl\/zszcrrimp\/uncategorized\/narodowe-czytanie-2018\/","title":{"rendered":"Narodowe Czytanie 2018"},"content":{"rendered":"<p>Jednym z zada\u0144 Zespo\u0142u Szk\u00f3\u0142 Cechu Rzemios\u0142 R\u00f3\u017cnych jest krzewienie patriotyzmu w\u015br\u00f3d uczni\u00f3w. W dniu 7 wrze\u015bnia 2018 roku\u00a0 w naszej szkole odby\u0142o si\u0119 spotkanie,\u00a0 w ramach narodowego czytania. Podczas tego wydarzenia przybli\u017cona zosta\u0142a posta\u0107 \u00a0Stefana \u017beromskiego &#8211; wielkiego polskiego pisarza oraz patrioty, dla kt\u00f3rego Polska by\u0142a warto\u015bci\u0105 najwy\u017csz\u0105. Podczas spotkania nasza m\u0142odzie\u017c z wielk\u0105 przyjemno\u015bci\u0105 mog\u0142a zag\u0142\u0119bi\u0107 si\u0119<\/p>\n\n\t\t<style type=\"text\/css\">\n\t\t\t#gallery-1 {\n\t\t\t\tmargin: auto;\n\t\t\t}\n\t\t\t#gallery-1 .gallery-item {\n\t\t\t\tfloat: left;\n\t\t\t\tmargin-top: 10px;\n\t\t\t\ttext-align: center;\n\t\t\t\twidth: 33%;\n\t\t\t}\n\t\t\t#gallery-1 img {\n\t\t\t\tborder: 2px solid #cfcfcf;\n\t\t\t}\n\t\t\t#gallery-1 .gallery-caption {\n\t\t\t\tmargin-left: 0;\n\t\t\t}\n\t\t\t\/* see gallery_shortcode() in wp-includes\/media.php *\/\n\t\t<\/style>\n\t\t<div id='gallery-1' class='gallery galleryid-2909 gallery-columns-3 gallery-size-thumbnail'><dl class='gallery-item'>\n\t\t\t<dt class='gallery-icon landscape'>\n\t\t\t\t<a href='https:\/\/www.zsz-cech-bielawa.pl\/zszcrrimp\/wp-content\/uploads\/2018\/09\/DSC01924-Kopiowanie.jpg'><img width=\"200\" height=\"200\" src=\"https:\/\/www.zsz-cech-bielawa.pl\/zszcrrimp\/wp-content\/uploads\/2018\/09\/DSC01924-Kopiowanie-200x200.jpg\" class=\"attachment-thumbnail size-thumbnail\" alt=\"\" decoding=\"async\" loading=\"lazy\" srcset=\"https:\/\/www.zsz-cech-bielawa.pl\/zszcrrimp\/wp-content\/uploads\/2018\/09\/DSC01924-Kopiowanie-200x200.jpg 200w, https:\/\/www.zsz-cech-bielawa.pl\/zszcrrimp\/wp-content\/uploads\/2018\/09\/DSC01924-Kopiowanie-80x80.jpg 80w, https:\/\/www.zsz-cech-bielawa.pl\/zszcrrimp\/wp-content\/uploads\/2018\/09\/DSC01924-Kopiowanie-350x350.jpg 350w\" sizes=\"(max-width: 200px) 100vw, 200px\" \/><\/a>\n\t\t\t<\/dt><\/dl><dl class='gallery-item'>\n\t\t\t<dt class='gallery-icon landscape'>\n\t\t\t\t<a href='https:\/\/www.zsz-cech-bielawa.pl\/zszcrrimp\/wp-content\/uploads\/2018\/09\/Kopia-DSC01917-Kopiowanie.jpg'><img width=\"200\" height=\"200\" src=\"https:\/\/www.zsz-cech-bielawa.pl\/zszcrrimp\/wp-content\/uploads\/2018\/09\/Kopia-DSC01917-Kopiowanie-200x200.jpg\" class=\"attachment-thumbnail size-thumbnail\" alt=\"\" decoding=\"async\" loading=\"lazy\" srcset=\"https:\/\/www.zsz-cech-bielawa.pl\/zszcrrimp\/wp-content\/uploads\/2018\/09\/Kopia-DSC01917-Kopiowanie-200x200.jpg 200w, https:\/\/www.zsz-cech-bielawa.pl\/zszcrrimp\/wp-content\/uploads\/2018\/09\/Kopia-DSC01917-Kopiowanie-80x80.jpg 80w, https:\/\/www.zsz-cech-bielawa.pl\/zszcrrimp\/wp-content\/uploads\/2018\/09\/Kopia-DSC01917-Kopiowanie-350x350.jpg 350w\" sizes=\"(max-width: 200px) 100vw, 200px\" \/><\/a>\n\t\t\t<\/dt><\/dl><dl class='gallery-item'>\n\t\t\t<dt class='gallery-icon landscape'>\n\t\t\t\t<a href='https:\/\/www.zsz-cech-bielawa.pl\/zszcrrimp\/wp-content\/uploads\/2018\/09\/Kopia-DSC01918-Kopiowanie.jpg'><img width=\"200\" height=\"200\" src=\"https:\/\/www.zsz-cech-bielawa.pl\/zszcrrimp\/wp-content\/uploads\/2018\/09\/Kopia-DSC01918-Kopiowanie-200x200.jpg\" class=\"attachment-thumbnail size-thumbnail\" alt=\"\" decoding=\"async\" loading=\"lazy\" srcset=\"https:\/\/www.zsz-cech-bielawa.pl\/zszcrrimp\/wp-content\/uploads\/2018\/09\/Kopia-DSC01918-Kopiowanie-200x200.jpg 200w, https:\/\/www.zsz-cech-bielawa.pl\/zszcrrimp\/wp-content\/uploads\/2018\/09\/Kopia-DSC01918-Kopiowanie-80x80.jpg 80w, https:\/\/www.zsz-cech-bielawa.pl\/zszcrrimp\/wp-content\/uploads\/2018\/09\/Kopia-DSC01918-Kopiowanie-350x350.jpg 350w\" sizes=\"(max-width: 200px) 100vw, 200px\" \/><\/a>\n\t\t\t<\/dt><\/dl><br style=\"clear: both\" \/>\n\t\t<\/div>\n\n<p>w lektur\u0119 Stefana \u017beromskiego \u201ePrzedwio\u015bnie\u201d. \u00a0Osoba Stefana \u017beromskiego jest przyk\u0142adem Polaka patrioty, kt\u00f3rego umi\u0142owanie, szacunek i oddanie dla naszego kraju powinno by\u0107 przyk\u0142adem dla m\u0142odych ludzi.<\/p>\n","protected":false},"excerpt":{"rendered":"<p>Jednym z zada\u0144 Zespo\u0142u Szk\u00f3\u0142 Cechu Rzemios\u0142 R\u00f3\u017cnych jest krzewienie patriotyzmu w\u015br\u00f3d uczni\u00f3w. W dniu 7 wrze\u015bnia 2018 roku\u00a0 w naszej szkole odby\u0142o si\u0119 spotkanie,\u00a0 w ramach narodowego czytania. Podczas tego wydarzenia przybli\u017cona zosta\u0142a posta\u0107 \u00a0Stefana \u017beromskiego &#8211; wielkiego polskiego pisarza oraz patrioty, dla kt\u00f3rego Polska by\u0142a warto\u015bci\u0105 najwy\u017csz\u0105. Podczas spotkania nasza m\u0142odzie\u017c z wielk\u0105 [&hellip;]<\/p>\n","protected":false},"author":1,"featured_media":2910,"comment_status":"closed","ping_status":"closed","sticky":false,"template":"","format":"standard","meta":[],"categories":[1],"tags":[],"_links":{"self":[{"href":"https:\/\/www.zsz-cech-bielawa.pl\/zszcrrimp\/wp-json\/wp\/v2\/posts\/2909"}],"collection":[{"href":"https:\/\/www.zsz-cech-bielawa.pl\/zszcrrimp\/wp-json\/wp\/v2\/posts"}],"about":[{"href":"https:\/\/www.zsz-cech-bielawa.pl\/zszcrrimp\/wp-json\/wp\/v2\/types\/post"}],"author":[{"embeddable":true,"href":"https:\/\/www.zsz-cech-bielawa.pl\/zszcrrimp\/wp-json\/wp\/v2\/users\/1"}],"replies":[{"embeddable":true,"href":"https:\/\/www.zsz-cech-bielawa.pl\/zszcrrimp\/wp-json\/wp\/v2\/comments?post=2909"}],"version-history":[{"count":1,"href":"https:\/\/www.zsz-cech-bielawa.pl\/zszcrrimp\/wp-json\/wp\/v2\/posts\/2909\/revisions"}],"predecessor-version":[{"id":2915,"href":"https:\/\/www.zsz-cech-bielawa.pl\/zszcrrimp\/wp-json\/wp\/v2\/posts\/2909\/revisions\/2915"}],"wp:featuredmedia":[{"embeddable":true,"href":"https:\/\/www.zsz-cech-bielawa.pl\/zszcrrimp\/wp-json\/wp\/v2\/media\/2910"}],"wp:attachment":[{"href":"https:\/\/www.zsz-cech-bielawa.pl\/zszcrrimp\/wp-json\/wp\/v2\/media?parent=2909"}],"wp:term":[{"taxonomy":"category","embeddable":true,"href":"https:\/\/www.zsz-cech-bielawa.pl\/zszcrrimp\/wp-json\/wp\/v2\/categories?post=2909"},{"taxonomy":"post_tag","embeddable":true,"href":"https:\/\/www.zsz-cech-bielawa.pl\/zszcrrimp\/wp-json\/wp\/v2\/tags?post=2909"}],"curies":[{"name":"wp","href":"https:\/\/api.w.org\/{rel}","templated":true}]}}