                                                                                                                                                                                                                                                                                                                                                                                                                                                                   {"id":2887,"date":"2018-09-03T10:58:41","date_gmt":"2018-09-03T10:58:41","guid":{"rendered":"http:\/\/www.zsz-cech-bielawa.pl\/zszcrrimp\/?p=2887"},"modified":"2018-09-06T11:05:09","modified_gmt":"2018-09-06T11:05:09","slug":"witaj-szkolo","status":"publish","type":"post","link":"https:\/\/www.zsz-cech-bielawa.pl\/zszcrrimp\/uncategorized\/witaj-szkolo\/","title":{"rendered":"WITAJ SZKO\u0141O!!!"},"content":{"rendered":"<p>03 wrze\u015bnia o godzinie 9:00 rozpocz\u0119li\u015bmy oficjalnie rok szkolny w Zespole Szk\u00f3\u0142 Cechu Rzemios\u0142 R\u00f3\u017cnych i Ma\u0142ej Przedsi\u0119biorczo\u015bci w Bielawie. Po wprowadzeniu Pocztu Sztandarowego \u00a0i od\u015bpiewaniu\u00a0 hymnu\u00a0 pa\u0144stwowego, g\u0142os zabra\u0142a Dyrektor szko\u0142y Katarzyna Walczyk serdecznie witaj\u0105c zaproszonych Go\u015bci, w\u015br\u00f3d kt\u00f3rych obecni byli: Starszy Cechu Kazimierz Rachowiecki,\u00a0 cz\u0142onek zarz\u0105du Cechu\u00a0 Barbara Buczek, Komendant Hufca Pracy w Dzier\u017coniowie \u2013Jadwiga Hajduk Stalica wraz z wychowawcami Adamem Kapk\u0105 i Dorot\u0105 Ko\u017cuszek, \u00a0Komendant Hufca Pracy w Bielawie Zofia Studnica wraz z wychowawc\u0105 Mariol\u0105 Stasiewicz, Dyrektor Biura Cechu \u2013Katarzyna Wierzbicka, nauczyciele i inni pracownicy szko\u0142y i Cechu.<\/p>\n<p>Dyrektor szko\u0142y przywita\u0142a przede wszystkim zgromadzonych na uroczysto\u015bci uczni\u00f3w, w tym szczeg\u00f3lnie serdecznie uczni\u00f3w klasy I Szko\u0142y Bran\u017cowej I stopnia i klasy VIII Szko\u0142y Podstawowej \u00a0z Oddzia\u0142ami Przysposabiaj\u0105cymi do Pracy.<\/p>\n<p>W swoim przem\u00f3wieniu nawi\u0105za\u0142a do s\u0142\u00f3w Stefana \u017beromskiego \u201e<em>Nauka jest jak niezmierne morze&#8230; Im wi\u0119cej jej pijesz, tym bardziej jeste\u015b spragniony.\u201d \u00a0<\/em><\/p>\n<p><em>\u017b<\/em>ycz\u0105c wszystkim uczniom, aby\u00a0 ich pragnienie wiedzy oraz ciekawo\u015b\u0107 \u015bwiata nigdy nie usta\u0142y. Zwr\u00f3ci\u0142a si\u0119 r\u00f3wnie\u017c do nauczycieli dzi\u0119kuj\u0105c za ich\u00a0 profesjonalizm oraz \u017cycz\u0105c, by ka\u017cdy z uczni\u00f3w obdarza\u0142 ich szacunkiem, na kt\u00f3ry w pe\u0142ni zas\u0142uguj\u0105. Podzi\u0119kowa\u0142a tak\u017ce pracownikom szko\u0142y za ich codzienn\u0105 ci\u0119\u017ck\u0105 prac\u0119.<\/p>\n<p>Nast\u0119pnie g\u0142os zabra\u0142a Katarzyna Wierzbicka \u2013 Dyrektor Biura Cechu. Pani Katarzyna Wierzbicka przypominaj\u0105c uczniom o projekcie \u201eRzemie\u015blnicy na start\u201d podkre\u015bli\u0142a korzy\u015bci p\u0142yn\u0105ce z trwaj\u0105cego ju\u017c od roku projektu, z\u0142o\u017cy\u0142a r\u00f3wnie\u017c\u00a0 \u017cyczenia sukces\u00f3w w nowym roku szkolnym. Po apelu odby\u0142y si\u0119 spotkania uczni\u00f3w poszczeg\u00f3lnych klas z wychowawcami.<\/p>\n\n\t\t<style type=\"text\/css\">\n\t\t\t#gallery-1 {\n\t\t\t\tmargin: auto;\n\t\t\t}\n\t\t\t#gallery-1 .gallery-item {\n\t\t\t\tfloat: left;\n\t\t\t\tmargin-top: 10px;\n\t\t\t\ttext-align: center;\n\t\t\t\twidth: 33%;\n\t\t\t}\n\t\t\t#gallery-1 img {\n\t\t\t\tborder: 2px solid #cfcfcf;\n\t\t\t}\n\t\t\t#gallery-1 .gallery-caption {\n\t\t\t\tmargin-left: 0;\n\t\t\t}\n\t\t\t\/* see gallery_shortcode() in wp-includes\/media.php *\/\n\t\t<\/style>\n\t\t<div id='gallery-1' class='gallery galleryid-2887 gallery-columns-3 gallery-size-thumbnail'><dl class='gallery-item'>\n\t\t\t<dt class='gallery-icon landscape'>\n\t\t\t\t<a href='https:\/\/www.zsz-cech-bielawa.pl\/zszcrrimp\/wp-content\/uploads\/2018\/09\/DSC01906-Kopiowanie.jpg'><img width=\"200\" height=\"200\" src=\"https:\/\/www.zsz-cech-bielawa.pl\/zszcrrimp\/wp-content\/uploads\/2018\/09\/DSC01906-Kopiowanie-200x200.jpg\" class=\"attachment-thumbnail size-thumbnail\" alt=\"\" decoding=\"async\" loading=\"lazy\" srcset=\"https:\/\/www.zsz-cech-bielawa.pl\/zszcrrimp\/wp-content\/uploads\/2018\/09\/DSC01906-Kopiowanie-200x200.jpg 200w, https:\/\/www.zsz-cech-bielawa.pl\/zszcrrimp\/wp-content\/uploads\/2018\/09\/DSC01906-Kopiowanie-80x80.jpg 80w, https:\/\/www.zsz-cech-bielawa.pl\/zszcrrimp\/wp-content\/uploads\/2018\/09\/DSC01906-Kopiowanie-350x350.jpg 350w\" sizes=\"(max-width: 200px) 100vw, 200px\" \/><\/a>\n\t\t\t<\/dt><\/dl><dl class='gallery-item'>\n\t\t\t<dt class='gallery-icon landscape'>\n\t\t\t\t<a href='https:\/\/www.zsz-cech-bielawa.pl\/zszcrrimp\/wp-content\/uploads\/2018\/09\/DSC01892-Kopiowanie.jpg'><img width=\"200\" height=\"200\" src=\"https:\/\/www.zsz-cech-bielawa.pl\/zszcrrimp\/wp-content\/uploads\/2018\/09\/DSC01892-Kopiowanie-200x200.jpg\" class=\"attachment-thumbnail size-thumbnail\" alt=\"\" decoding=\"async\" loading=\"lazy\" srcset=\"https:\/\/www.zsz-cech-bielawa.pl\/zszcrrimp\/wp-content\/uploads\/2018\/09\/DSC01892-Kopiowanie-200x200.jpg 200w, https:\/\/www.zsz-cech-bielawa.pl\/zszcrrimp\/wp-content\/uploads\/2018\/09\/DSC01892-Kopiowanie-80x80.jpg 80w, https:\/\/www.zsz-cech-bielawa.pl\/zszcrrimp\/wp-content\/uploads\/2018\/09\/DSC01892-Kopiowanie-350x350.jpg 350w\" sizes=\"(max-width: 200px) 100vw, 200px\" \/><\/a>\n\t\t\t<\/dt><\/dl><dl class='gallery-item'>\n\t\t\t<dt class='gallery-icon landscape'>\n\t\t\t\t<a href='https:\/\/www.zsz-cech-bielawa.pl\/zszcrrimp\/wp-content\/uploads\/2018\/09\/DSC01895-Kopiowanie.jpg'><img width=\"200\" height=\"200\" src=\"https:\/\/www.zsz-cech-bielawa.pl\/zszcrrimp\/wp-content\/uploads\/2018\/09\/DSC01895-Kopiowanie-200x200.jpg\" class=\"attachment-thumbnail size-thumbnail\" alt=\"\" decoding=\"async\" loading=\"lazy\" srcset=\"https:\/\/www.zsz-cech-bielawa.pl\/zszcrrimp\/wp-content\/uploads\/2018\/09\/DSC01895-Kopiowanie-200x200.jpg 200w, https:\/\/www.zsz-cech-bielawa.pl\/zszcrrimp\/wp-content\/uploads\/2018\/09\/DSC01895-Kopiowanie-80x80.jpg 80w, https:\/\/www.zsz-cech-bielawa.pl\/zszcrrimp\/wp-content\/uploads\/2018\/09\/DSC01895-Kopiowanie-350x350.jpg 350w\" sizes=\"(max-width: 200px) 100vw, 200px\" \/><\/a>\n\t\t\t<\/dt><\/dl><br style=\"clear: both\" \/><dl class='gallery-item'>\n\t\t\t<dt class='gallery-icon portrait'>\n\t\t\t\t<a href='https:\/\/www.zsz-cech-bielawa.pl\/zszcrrimp\/wp-content\/uploads\/2018\/09\/DSC01897-Kopiowanie.jpg'><img width=\"200\" height=\"200\" src=\"https:\/\/www.zsz-cech-bielawa.pl\/zszcrrimp\/wp-content\/uploads\/2018\/09\/DSC01897-Kopiowanie-200x200.jpg\" class=\"attachment-thumbnail size-thumbnail\" alt=\"\" decoding=\"async\" loading=\"lazy\" srcset=\"https:\/\/www.zsz-cech-bielawa.pl\/zszcrrimp\/wp-content\/uploads\/2018\/09\/DSC01897-Kopiowanie-200x200.jpg 200w, https:\/\/www.zsz-cech-bielawa.pl\/zszcrrimp\/wp-content\/uploads\/2018\/09\/DSC01897-Kopiowanie-80x80.jpg 80w, https:\/\/www.zsz-cech-bielawa.pl\/zszcrrimp\/wp-content\/uploads\/2018\/09\/DSC01897-Kopiowanie-350x350.jpg 350w\" sizes=\"(max-width: 200px) 100vw, 200px\" \/><\/a>\n\t\t\t<\/dt><\/dl>\n\t\t\t<br style='clear: both' \/>\n\t\t<\/div>\n\n","protected":false},"excerpt":{"rendered":"<p>03 wrze\u015bnia o godzinie 9:00 rozpocz\u0119li\u015bmy oficjalnie rok szkolny w Zespole Szk\u00f3\u0142 Cechu Rzemios\u0142 R\u00f3\u017cnych i Ma\u0142ej Przedsi\u0119biorczo\u015bci w Bielawie. Po wprowadzeniu Pocztu Sztandarowego \u00a0i od\u015bpiewaniu\u00a0 hymnu\u00a0 pa\u0144stwowego, g\u0142os zabra\u0142a Dyrektor szko\u0142y Katarzyna Walczyk serdecznie witaj\u0105c zaproszonych Go\u015bci, w\u015br\u00f3d kt\u00f3rych obecni byli: Starszy Cechu Kazimierz Rachowiecki,\u00a0 cz\u0142onek zarz\u0105du Cechu\u00a0 Barbara Buczek, Komendant Hufca Pracy w [&hellip;]<\/p>\n","protected":false},"author":1,"featured_media":2888,"comment_status":"closed","ping_status":"closed","sticky":false,"template":"","format":"standard","meta":[],"categories":[1],"tags":[],"_links":{"self":[{"href":"https:\/\/www.zsz-cech-bielawa.pl\/zszcrrimp\/wp-json\/wp\/v2\/posts\/2887"}],"collection":[{"href":"https:\/\/www.zsz-cech-bielawa.pl\/zszcrrimp\/wp-json\/wp\/v2\/posts"}],"about":[{"href":"https:\/\/www.zsz-cech-bielawa.pl\/zszcrrimp\/wp-json\/wp\/v2\/types\/post"}],"author":[{"embeddable":true,"href":"https:\/\/www.zsz-cech-bielawa.pl\/zszcrrimp\/wp-json\/wp\/v2\/users\/1"}],"replies":[{"embeddable":true,"href":"https:\/\/www.zsz-cech-bielawa.pl\/zszcrrimp\/wp-json\/wp\/v2\/comments?post=2887"}],"version-history":[{"count":1,"href":"https:\/\/www.zsz-cech-bielawa.pl\/zszcrrimp\/wp-json\/wp\/v2\/posts\/2887\/revisions"}],"predecessor-version":[{"id":2892,"href":"https:\/\/www.zsz-cech-bielawa.pl\/zszcrrimp\/wp-json\/wp\/v2\/posts\/2887\/revisions\/2892"}],"wp:featuredmedia":[{"embeddable":true,"href":"https:\/\/www.zsz-cech-bielawa.pl\/zszcrrimp\/wp-json\/wp\/v2\/media\/2888"}],"wp:attachment":[{"href":"https:\/\/www.zsz-cech-bielawa.pl\/zszcrrimp\/wp-json\/wp\/v2\/media?parent=2887"}],"wp:term":[{"taxonomy":"category","embeddable":true,"href":"https:\/\/www.zsz-cech-bielawa.pl\/zszcrrimp\/wp-json\/wp\/v2\/categories?post=2887"},{"taxonomy":"post_tag","embeddable":true,"href":"https:\/\/www.zsz-cech-bielawa.pl\/zszcrrimp\/wp-json\/wp\/v2\/tags?post=2887"}],"curies":[{"name":"wp","href":"https:\/\/api.w.org\/{rel}","templated":true}]}}